{"id":474,"date":"2025-09-13T22:54:00","date_gmt":"2025-09-13T20:54:00","guid":{"rendered":"http:\/\/archersbigoudens.net\/?p=474"},"modified":"2025-09-15T13:14:28","modified_gmt":"2025-09-15T11:14:28","slug":"les-jeunes-archers-ouvrent-la-saison","status":"publish","type":"post","link":"https:\/\/archersbigoudens.net\/index.php\/2025\/09\/13\/les-jeunes-archers-ouvrent-la-saison\/","title":{"rendered":"Les jeunes archers ouvrent la saison"},"content":{"rendered":"\n<p>Apr\u00e8s la pause estivale, la Compagnie des Archers Bigoudens a retrouv\u00e9 ses arcs et ses cibles pour une nouvelle saison qui s\u2019annonce prometteuse.<\/p>\n\n\n\n<p>Ce samedi 13 septembre a eu lieu un premier entra\u00eenement d&#8217;initiation d\u00e9di\u00e9 aux jeunes archers d\u00e9butants dans la salle omnisports de Pont-Plat \u00e0 Plobannalec-Lesconil de 10h \u00e0 12h.<\/p>\n\n\n\n<p>Encadr\u00e9s par l\u2019\u00e9quipe p\u00e9dagogique, ils ont aussi pu compter sur le soutien de trois jeunes archers confirm\u00e9s \u2013 Enzo, Maya et Ya\u00ebl \u2013 qui ont pr\u00eat\u00e9 main-forte et partag\u00e9 leur exp\u00e9rience. Les nouveaux archers ont pu d\u00e9couvrir les premi\u00e8res bases du tir \u00e0 l\u2019arc, apprendre les bons gestes et s\u2019initier au maniement de l\u2019arc en toute s\u00e9curit\u00e9. L\u2019ambiance \u00e9tait studieuse mais conviviale, chacun prenant plaisir \u00e0 progresser pas \u00e0 pas.<\/p>\n\n\n\n<figure class=\"wp-block-image size-large\"><img loading=\"lazy\" decoding=\"async\" width=\"1024\" height=\"576\" src=\"http:\/\/archersbigoudens.net\/wp-content\/uploads\/2025\/09\/IMG_5514-1024x576.jpg\" alt=\"\" class=\"wp-image-476\" srcset=\"https:\/\/archersbigoudens.net\/wp-content\/uploads\/2025\/09\/IMG_5514-1024x576.jpg 1024w, https:\/\/archersbigoudens.net\/wp-content\/uploads\/2025\/09\/IMG_5514-300x169.jpg 300w, https:\/\/archersbigoudens.net\/wp-content\/uploads\/2025\/09\/IMG_5514-768x432.jpg 768w, https:\/\/archersbigoudens.net\/wp-content\/uploads\/2025\/09\/IMG_5514-1536x864.jpg 1536w, https:\/\/archersbigoudens.net\/wp-content\/uploads\/2025\/09\/IMG_5514.jpg 1920w\" sizes=\"(max-width: 1024px) 100vw, 1024px\" \/><\/figure>\n\n\n\n<p>Au total, 11 d\u00e9butants ont \u00e9t\u00e9 accueillis dans un esprit de partage et de bonne humeur, repartant motiv\u00e9s et satisfaits de cette premi\u00e8re s\u00e9ance.<\/p>\n\n\n\n<p>La rentr\u00e9e de l\u2019ensemble des jeunes archers aura lieu samedi prochain, avec un rendez-vous fix\u00e9 \u00e0 9h45. Les personnes int\u00e9ress\u00e9es peuvent encore s\u2019inscrire : le tir \u00e0 l\u2019arc reste accessible \u00e0 tous, quel que soit l\u2019\u00e2ge ou le niveau.<\/p>\n\n\n\n<p>Les adultes d\u00e9butants auront, eux aussi, leur rentr\u00e9e le dimanche 20 septembre. Une belle occasion de d\u00e9couvrir ce sport \u00e0 la fois technique et ludique, o\u00f9 concentration et convivialit\u00e9 vont de pair.<\/p>\n\n\n\n<p>Une nouvelle ann\u00e9e sportive d\u00e9marre donc sous les meilleurs auspices pour la Compagnie, qui compte bien conjuguer apprentissage, progression et plaisir du tir \u00e0 l\u2019arc tout au long de la saison.<\/p>\n","protected":false},"excerpt":{"rendered":"<p>Apr\u00e8s la pause estivale, la Compagnie des Archers Bigoudens a retrouv\u00e9 ses arcs et ses cibles pour une nouvelle saison qui s\u2019annonce prometteuse. Ce samedi 13 septembre a eu lieu [&hellip;]<\/p>\n","protected":false},"author":1,"featured_media":475,"comment_status":"open","ping_status":"open","sticky":false,"template":"","format":"standard","meta":{"saved_in_kubio":false,"_jetpack_memberships_contains_paid_content":false,"footnotes":""},"categories":[10],"tags":[],"class_list":["post-474","post","type-post","status-publish","format-standard","has-post-thumbnail","hentry","category-actus"],"jetpack_featured_media_url":"https:\/\/archersbigoudens.net\/wp-content\/uploads\/2025\/09\/IMG_5522.jpg","jetpack_sharing_enabled":true,"_links":{"self":[{"href":"https:\/\/archersbigoudens.net\/index.php\/wp-json\/wp\/v2\/posts\/474","targetHints":{"allow":["GET"]}}],"collection":[{"href":"https:\/\/archersbigoudens.net\/index.php\/wp-json\/wp\/v2\/posts"}],"about":[{"href":"https:\/\/archersbigoudens.net\/index.php\/wp-json\/wp\/v2\/types\/post"}],"author":[{"embeddable":true,"href":"https:\/\/archersbigoudens.net\/index.php\/wp-json\/wp\/v2\/users\/1"}],"replies":[{"embeddable":true,"href":"https:\/\/archersbigoudens.net\/index.php\/wp-json\/wp\/v2\/comments?post=474"}],"version-history":[{"count":4,"href":"https:\/\/archersbigoudens.net\/index.php\/wp-json\/wp\/v2\/posts\/474\/revisions"}],"predecessor-version":[{"id":513,"href":"https:\/\/archersbigoudens.net\/index.php\/wp-json\/wp\/v2\/posts\/474\/revisions\/513"}],"wp:featuredmedia":[{"embeddable":true,"href":"https:\/\/archersbigoudens.net\/index.php\/wp-json\/wp\/v2\/media\/475"}],"wp:attachment":[{"href":"https:\/\/archersbigoudens.net\/index.php\/wp-json\/wp\/v2\/media?parent=474"}],"wp:term":[{"taxonomy":"category","embeddable":true,"href":"https:\/\/archersbigoudens.net\/index.php\/wp-json\/wp\/v2\/categories?post=474"},{"taxonomy":"post_tag","embeddable":true,"href":"https:\/\/archersbigoudens.net\/index.php\/wp-json\/wp\/v2\/tags?post=474"}],"curies":[{"name":"wp","href":"https:\/\/api.w.org\/{rel}","templated":true}]}}